{"id":307,"date":"2017-06-15T16:11:28","date_gmt":"2017-06-15T14:11:28","guid":{"rendered":"http:\/\/aestudisreusencs.centrelectura.cat\/info\/?p=307"},"modified":"2017-06-15T16:14:56","modified_gmt":"2017-06-15T14:14:56","slug":"presentacio-del-volum-134-de-les-edicions-rosa-de-reus","status":"publish","type":"post","link":"https:\/\/aestudisreusencs.centrelectura.cat\/info\/presentacio-del-volum-134-de-les-edicions-rosa-de-reus\/","title":{"rendered":"Presentaci\u00f3 del volum 134 de les Edicions Rosa de Reus"},"content":{"rendered":"<p>El proppassat dia 30 de maig de 2017, a la sala d\u2019actes del Centre de Lectura va tenir lloc la presentaci\u00f3 del volum 134 de les Edicions Rosa de Reus, <strong>Josep Maria Arnavat Vilar\u00f3 (1917-1976)<\/strong>, Obra po\u00e8tica.<\/p>\n<p>L\u2019edici\u00f3 del llibre ha estat a cura de Carles Maristany amb la col\u00b7laboraci\u00f3 inestimable de Joaquim Mallafr\u00e9.<br \/>\nEn una sala d\u2019actes amb un notable assist\u00e8ncia de p\u00fablic el mateix Enric Mallafr\u00e9 va fer la presentaci\u00f3 del llibre fent una glosa erudita de l\u2019autor i de la seva obra.<br \/>\nL\u2019acte va comptar amb la col\u00b7laboraci\u00f3 del Col\u00b7lectiu En Veu Alta que va oferir una lectura d\u2019obres del poeta.<\/p>\n<p><img loading=\"lazy\" decoding=\"async\" class=\"alignnone size-full wp-image-310\" src=\"http:\/\/aestudisreusencs.centrelectura.cat\/info\/wp-content\/uploads\/2017\/06\/obra-poetica-arnavat-03.jpg\" alt=\"\" width=\"845\" height=\"634\" srcset=\"https:\/\/aestudisreusencs.centrelectura.cat\/info\/wp-content\/uploads\/2017\/06\/obra-poetica-arnavat-03.jpg 845w, https:\/\/aestudisreusencs.centrelectura.cat\/info\/wp-content\/uploads\/2017\/06\/obra-poetica-arnavat-03-300x225.jpg 300w, https:\/\/aestudisreusencs.centrelectura.cat\/info\/wp-content\/uploads\/2017\/06\/obra-poetica-arnavat-03-768x576.jpg 768w, https:\/\/aestudisreusencs.centrelectura.cat\/info\/wp-content\/uploads\/2017\/06\/obra-poetica-arnavat-03-705x529.jpg 705w, https:\/\/aestudisreusencs.centrelectura.cat\/info\/wp-content\/uploads\/2017\/06\/obra-poetica-arnavat-03-450x338.jpg 450w\" sizes=\"auto, (max-width: 845px) 100vw, 845px\" \/><\/p>\n<p><img loading=\"lazy\" decoding=\"async\" class=\"alignnone size-full wp-image-309\" src=\"http:\/\/aestudisreusencs.centrelectura.cat\/info\/wp-content\/uploads\/2017\/06\/obra-poetica-arnavat-02.jpg\" alt=\"\" width=\"845\" height=\"522\" srcset=\"https:\/\/aestudisreusencs.centrelectura.cat\/info\/wp-content\/uploads\/2017\/06\/obra-poetica-arnavat-02.jpg 845w, https:\/\/aestudisreusencs.centrelectura.cat\/info\/wp-content\/uploads\/2017\/06\/obra-poetica-arnavat-02-300x185.jpg 300w, https:\/\/aestudisreusencs.centrelectura.cat\/info\/wp-content\/uploads\/2017\/06\/obra-poetica-arnavat-02-768x474.jpg 768w, https:\/\/aestudisreusencs.centrelectura.cat\/info\/wp-content\/uploads\/2017\/06\/obra-poetica-arnavat-02-705x436.jpg 705w, https:\/\/aestudisreusencs.centrelectura.cat\/info\/wp-content\/uploads\/2017\/06\/obra-poetica-arnavat-02-450x278.jpg 450w\" sizes=\"auto, (max-width: 845px) 100vw, 845px\" \/><\/p>\n","protected":false},"excerpt":{"rendered":"<p>El proppassat dia 30 de maig de 2017, a la sala d\u2019actes del Centre de Lectura va tenir lloc la presentaci\u00f3 del volum 134 de les Edicions Rosa de Reus, Josep Maria Arnavat Vilar\u00f3 (1917-1976), Obra po\u00e8tica. L\u2019edici\u00f3 del llibre ha estat a cura de Carles Maristany amb la col\u00b7laboraci\u00f3 inestimable de Joaquim Mallafr\u00e9. En [&hellip;]<\/p>\n","protected":false},"author":2,"featured_media":308,"comment_status":"open","ping_status":"open","sticky":false,"template":"","format":"standard","meta":{"footnotes":""},"categories":[1],"tags":[],"class_list":["post-307","post","type-post","status-publish","format-standard","has-post-thumbnail","hentry","category-general"],"_links":{"self":[{"href":"https:\/\/aestudisreusencs.centrelectura.cat\/info\/wp-json\/wp\/v2\/posts\/307","targetHints":{"allow":["GET"]}}],"collection":[{"href":"https:\/\/aestudisreusencs.centrelectura.cat\/info\/wp-json\/wp\/v2\/posts"}],"about":[{"href":"https:\/\/aestudisreusencs.centrelectura.cat\/info\/wp-json\/wp\/v2\/types\/post"}],"author":[{"embeddable":true,"href":"https:\/\/aestudisreusencs.centrelectura.cat\/info\/wp-json\/wp\/v2\/users\/2"}],"replies":[{"embeddable":true,"href":"https:\/\/aestudisreusencs.centrelectura.cat\/info\/wp-json\/wp\/v2\/comments?post=307"}],"version-history":[{"count":2,"href":"https:\/\/aestudisreusencs.centrelectura.cat\/info\/wp-json\/wp\/v2\/posts\/307\/revisions"}],"predecessor-version":[{"id":312,"href":"https:\/\/aestudisreusencs.centrelectura.cat\/info\/wp-json\/wp\/v2\/posts\/307\/revisions\/312"}],"wp:featuredmedia":[{"embeddable":true,"href":"https:\/\/aestudisreusencs.centrelectura.cat\/info\/wp-json\/wp\/v2\/media\/308"}],"wp:attachment":[{"href":"https:\/\/aestudisreusencs.centrelectura.cat\/info\/wp-json\/wp\/v2\/media?parent=307"}],"wp:term":[{"taxonomy":"category","embeddable":true,"href":"https:\/\/aestudisreusencs.centrelectura.cat\/info\/wp-json\/wp\/v2\/categories?post=307"},{"taxonomy":"post_tag","embeddable":true,"href":"https:\/\/aestudisreusencs.centrelectura.cat\/info\/wp-json\/wp\/v2\/tags?post=307"}],"curies":[{"name":"wp","href":"https:\/\/api.w.org\/{rel}","templated":true}]}}