{"id":313,"date":"2017-06-15T16:21:34","date_gmt":"2017-06-15T14:21:34","guid":{"rendered":"http:\/\/aestudisreusencs.centrelectura.cat\/info\/?p=313"},"modified":"2024-11-27T17:58:02","modified_gmt":"2024-11-27T16:58:02","slug":"un-distic-de-josep-m-arnavat-dedicat-al-dr-frias-1958","status":"publish","type":"post","link":"https:\/\/aestudisreusencs.centrelectura.cat\/info\/un-distic-de-josep-m-arnavat-dedicat-al-dr-frias-1958\/","title":{"rendered":"Un d\u00edstic de Josep M. Arnavat dedicat al Dr. Frias (1958)"},"content":{"rendered":"<p>El passat 30 de maig es va presentar a la sala d\u2019actes del Centre de Lectura el darrer volum de l\u2019Associaci\u00f3\u00a0d\u2019Estudis Reusencs, l\u2019<strong>Obra po\u00e8tica de Josep Maria Arnavat i Vilar\u00f3<\/strong>, que ja \u00e9s el n\u00famero 134 de la s\u00e8rie \u201cRosa de\u00a0Reus\u201d.<\/p>\n<p><img loading=\"lazy\" decoding=\"async\" class=\"size-full wp-image-323 alignnone\" src=\"http:\/\/aestudisreusencs.centrelectura.cat\/info\/wp-content\/uploads\/2017\/06\/obra-poetica-arnavat-06.jpg\" alt=\"\" width=\"845\" height=\"634\" srcset=\"https:\/\/aestudisreusencs.centrelectura.cat\/info\/wp-content\/uploads\/2017\/06\/obra-poetica-arnavat-06.jpg 845w, https:\/\/aestudisreusencs.centrelectura.cat\/info\/wp-content\/uploads\/2017\/06\/obra-poetica-arnavat-06-300x225.jpg 300w, https:\/\/aestudisreusencs.centrelectura.cat\/info\/wp-content\/uploads\/2017\/06\/obra-poetica-arnavat-06-768x576.jpg 768w, https:\/\/aestudisreusencs.centrelectura.cat\/info\/wp-content\/uploads\/2017\/06\/obra-poetica-arnavat-06-705x529.jpg 705w, https:\/\/aestudisreusencs.centrelectura.cat\/info\/wp-content\/uploads\/2017\/06\/obra-poetica-arnavat-06-450x338.jpg 450w\" sizes=\"auto, (max-width: 845px) 100vw, 845px\" \/><\/p>\n<p>A m\u00e9s de l\u2019obra po\u00e8tica arnavariana, el llibre compta amb un molt ben documentat pr\u00f2leg del professor Joaquim\u00a0Mallafr\u00e8, aix\u00ed com una bibliografia del poeta i sobre el poeta. No cal dir que es tracta d\u2019una excel\u00b7lent aproximaci\u00f3\u00a0a la vida i l\u2019obra d\u2019Arnavat i Vilar\u00f3, que sens dubte ajudar\u00e0 a recordar-lo i a recuperar-lo ara que far\u00e0 cent anys del\u00a0seu naixement.<\/p>\n<p>Val a dir que no he sabut trobar citat a la bibliografia referent a l\u2019obra po\u00e8tica d\u2019Arnavat un molt succint i bell\u00a0poema, concretament un d\u00edstic, que ell dedic\u00e0 al doctor Frias i que fou publicat (com podeu veure a la imatge) a la\u00a0p\u00e0gina 61 del n\u00famero 24 de la reusenca revista Urbs, corresponent als mesos d\u2019abril i maig de 1958 i dedicat\u00a0monogr\u00e0ficament a aquest tan destacable metge pediatra. El t\u00edtol era \u201cD\u00edstic per al Dr. Alexandre Frias i Roig\u201d i\u00a0nom\u00e9s tenia dues l\u00ednies:<\/p>\n<blockquote><p>\u00ab<em>Nom\u00e9s una paraula, plena de tendresa,\u00a0Infant, corona el vostre front en la vellesa.<\/em>\u00bb<\/p><\/blockquote>\n<p>Aprofito l\u2019avinentesa per a recordar que la versi\u00f3 itinerant de l\u2019exposici\u00f3 d\u2019homenatge al Dr. Frias es podr\u00e0 veure\u00a0a la Facultat de Medicina i Ci\u00e8ncies de la Salut, de Reus, del 12 al 30 de juny. Despr\u00e9s, \u00e9s previst que s\u2019instal\u00b7li a\u00a0l\u2019Arxiu Comarcal del Baix Camp (de l\u20191 al 30 de juliol), al Centre Cultural Infant Pere de l\u2019Hospitalet (de l\u20191 al\u00a020 de setembre), al Centre de Lectura de Reus (del 22 de setembre al 14 d\u2019octubre), a la Biblioteca Central Xavier\u00a0Amor\u00f3s (del 16 d\u2019octubre al 4 de novembre) i al Centre d\u2019Interpretaci\u00f3 de la Pesca de l\u2019Ametlla de Mar (del 6 al\u00a030 de novembre).<\/p>\n<p><img loading=\"lazy\" decoding=\"async\" class=\"alignnone size-full wp-image-315\" src=\"http:\/\/aestudisreusencs.centrelectura.cat\/info\/wp-content\/uploads\/2017\/06\/obra-poetica-arnavat-051.jpg\" alt=\"\" width=\"200\" height=\"335\" srcset=\"https:\/\/aestudisreusencs.centrelectura.cat\/info\/wp-content\/uploads\/2017\/06\/obra-poetica-arnavat-051.jpg 200w, https:\/\/aestudisreusencs.centrelectura.cat\/info\/wp-content\/uploads\/2017\/06\/obra-poetica-arnavat-051-179x300.jpg 179w\" sizes=\"auto, (max-width: 200px) 100vw, 200px\" \/><\/p>\n<blockquote><p><strong>Escrit per:<\/strong><br \/>\nJaume Mass\u00f3 Carballido<br \/>\nArque\u00f2leg i president de la Secci\u00f3 de Geografia i Hist\u00f2ria del Centre de Lectura<\/p><\/blockquote>\n<p>&nbsp;<\/p>\n","protected":false},"excerpt":{"rendered":"<p>El passat 30 de maig es va presentar a la sala d\u2019actes del Centre de Lectura el darrer volum de l\u2019Associaci\u00f3\u00a0d\u2019Estudis Reusencs, l\u2019Obra po\u00e8tica de Josep Maria Arnavat i Vilar\u00f3, que ja \u00e9s el n\u00famero 134 de la s\u00e8rie \u201cRosa de\u00a0Reus\u201d. A m\u00e9s de l\u2019obra po\u00e8tica arnavariana, el llibre compta amb un molt ben documentat [&hellip;]<\/p>\n","protected":false},"author":2,"featured_media":310,"comment_status":"open","ping_status":"open","sticky":false,"template":"","format":"standard","meta":{"footnotes":""},"categories":[6],"tags":[],"class_list":["post-313","post","type-post","status-publish","format-standard","has-post-thumbnail","hentry","category-miscellania"],"_links":{"self":[{"href":"https:\/\/aestudisreusencs.centrelectura.cat\/info\/wp-json\/wp\/v2\/posts\/313","targetHints":{"allow":["GET"]}}],"collection":[{"href":"https:\/\/aestudisreusencs.centrelectura.cat\/info\/wp-json\/wp\/v2\/posts"}],"about":[{"href":"https:\/\/aestudisreusencs.centrelectura.cat\/info\/wp-json\/wp\/v2\/types\/post"}],"author":[{"embeddable":true,"href":"https:\/\/aestudisreusencs.centrelectura.cat\/info\/wp-json\/wp\/v2\/users\/2"}],"replies":[{"embeddable":true,"href":"https:\/\/aestudisreusencs.centrelectura.cat\/info\/wp-json\/wp\/v2\/comments?post=313"}],"version-history":[{"count":9,"href":"https:\/\/aestudisreusencs.centrelectura.cat\/info\/wp-json\/wp\/v2\/posts\/313\/revisions"}],"predecessor-version":[{"id":322,"href":"https:\/\/aestudisreusencs.centrelectura.cat\/info\/wp-json\/wp\/v2\/posts\/313\/revisions\/322"}],"wp:featuredmedia":[{"embeddable":true,"href":"https:\/\/aestudisreusencs.centrelectura.cat\/info\/wp-json\/wp\/v2\/media\/310"}],"wp:attachment":[{"href":"https:\/\/aestudisreusencs.centrelectura.cat\/info\/wp-json\/wp\/v2\/media?parent=313"}],"wp:term":[{"taxonomy":"category","embeddable":true,"href":"https:\/\/aestudisreusencs.centrelectura.cat\/info\/wp-json\/wp\/v2\/categories?post=313"},{"taxonomy":"post_tag","embeddable":true,"href":"https:\/\/aestudisreusencs.centrelectura.cat\/info\/wp-json\/wp\/v2\/tags?post=313"}],"curies":[{"name":"wp","href":"https:\/\/api.w.org\/{rel}","templated":true}]}}