{"id":417,"date":"2024-02-21T12:29:10","date_gmt":"2024-02-21T11:29:10","guid":{"rendered":"http:\/\/aestudisreusencs.centrelectura.cat\/info\/?p=417"},"modified":"2024-11-27T17:57:55","modified_gmt":"2024-11-27T16:57:55","slug":"el-boletin-de-informacion-municipal-reus-es-va-fer-resso-del-25e-aniversari-de-laer","status":"publish","type":"post","link":"https:\/\/aestudisreusencs.centrelectura.cat\/info\/el-boletin-de-informacion-municipal-reus-es-va-fer-resso-del-25e-aniversari-de-laer\/","title":{"rendered":"El Boletin de Informaci\u00f3n Municipal REUS es va fer ress\u00f2 del 25\u00e8 aniversari de l\u2019AER."},"content":{"rendered":"<p>Al darrer trimestre de 1977, el Boletin de Informaci\u00f3n Municipal REUS, que editava l\u2019ajuntament de l\u2019\u00e8poca, es va fer ress\u00f2 del 25\u00e8 aniversari de l\u2019AER.<\/p>\n<p><a href=\"http:\/\/aestudisreusencs.centrelectura.cat\/info\/wp-content\/uploads\/2024\/02\/771200-Boletin-Municipal-25-anys-AER.pdf\" target=\"_blank\" rel=\"noopener noreferrer\">Cliqueu per veure el document PDF<\/a><\/p>\n<p><img loading=\"lazy\" decoding=\"async\" class=\"alignnone size-full wp-image-419\" src=\"http:\/\/aestudisreusencs.centrelectura.cat\/info\/wp-content\/uploads\/2024\/02\/boletin25anys.jpg\" alt=\"\" width=\"845\" height=\"634\" srcset=\"https:\/\/aestudisreusencs.centrelectura.cat\/info\/wp-content\/uploads\/2024\/02\/boletin25anys.jpg 845w, https:\/\/aestudisreusencs.centrelectura.cat\/info\/wp-content\/uploads\/2024\/02\/boletin25anys-300x225.jpg 300w, https:\/\/aestudisreusencs.centrelectura.cat\/info\/wp-content\/uploads\/2024\/02\/boletin25anys-768x576.jpg 768w, https:\/\/aestudisreusencs.centrelectura.cat\/info\/wp-content\/uploads\/2024\/02\/boletin25anys-705x529.jpg 705w, https:\/\/aestudisreusencs.centrelectura.cat\/info\/wp-content\/uploads\/2024\/02\/boletin25anys-450x338.jpg 450w\" sizes=\"auto, (max-width: 845px) 100vw, 845px\" \/><\/p>\n","protected":false},"excerpt":{"rendered":"<p>Al darrer trimestre de 1977, el Boletin de Informaci\u00f3n Municipal REUS, que editava l\u2019ajuntament de l\u2019\u00e8poca, es va fer ress\u00f2 del 25\u00e8 aniversari de l\u2019AER. Cliqueu per veure el document PDF<\/p>\n","protected":false},"author":2,"featured_media":419,"comment_status":"open","ping_status":"open","sticky":false,"template":"","format":"standard","meta":{"footnotes":""},"categories":[6],"tags":[],"class_list":["post-417","post","type-post","status-publish","format-standard","has-post-thumbnail","hentry","category-miscellania"],"_links":{"self":[{"href":"https:\/\/aestudisreusencs.centrelectura.cat\/info\/wp-json\/wp\/v2\/posts\/417","targetHints":{"allow":["GET"]}}],"collection":[{"href":"https:\/\/aestudisreusencs.centrelectura.cat\/info\/wp-json\/wp\/v2\/posts"}],"about":[{"href":"https:\/\/aestudisreusencs.centrelectura.cat\/info\/wp-json\/wp\/v2\/types\/post"}],"author":[{"embeddable":true,"href":"https:\/\/aestudisreusencs.centrelectura.cat\/info\/wp-json\/wp\/v2\/users\/2"}],"replies":[{"embeddable":true,"href":"https:\/\/aestudisreusencs.centrelectura.cat\/info\/wp-json\/wp\/v2\/comments?post=417"}],"version-history":[{"count":3,"href":"https:\/\/aestudisreusencs.centrelectura.cat\/info\/wp-json\/wp\/v2\/posts\/417\/revisions"}],"predecessor-version":[{"id":423,"href":"https:\/\/aestudisreusencs.centrelectura.cat\/info\/wp-json\/wp\/v2\/posts\/417\/revisions\/423"}],"wp:featuredmedia":[{"embeddable":true,"href":"https:\/\/aestudisreusencs.centrelectura.cat\/info\/wp-json\/wp\/v2\/media\/419"}],"wp:attachment":[{"href":"https:\/\/aestudisreusencs.centrelectura.cat\/info\/wp-json\/wp\/v2\/media?parent=417"}],"wp:term":[{"taxonomy":"category","embeddable":true,"href":"https:\/\/aestudisreusencs.centrelectura.cat\/info\/wp-json\/wp\/v2\/categories?post=417"},{"taxonomy":"post_tag","embeddable":true,"href":"https:\/\/aestudisreusencs.centrelectura.cat\/info\/wp-json\/wp\/v2\/tags?post=417"}],"curies":[{"name":"wp","href":"https:\/\/api.w.org\/{rel}","templated":true}]}}